{"id":2050,"date":"2025-11-04T17:02:15","date_gmt":"2025-11-04T17:02:15","guid":{"rendered":"https:\/\/leclosdelacotedor.fr\/?p=2050"},"modified":"2025-11-04T17:02:16","modified_gmt":"2025-11-04T17:02:16","slug":"que-prevoir-pour-une-balade-a-velo-en-bourgogne","status":"publish","type":"post","link":"https:\/\/leclosdelacotedor.fr\/en\/que-prevoir-pour-une-balade-a-velo-en-bourgogne\/","title":{"rendered":"Que pr\u00e9voir pour une balade \u00e0 v\u00e9lo en Bourgogne : guide complet de l&rsquo;\u00e9quipement indispensable"},"content":{"rendered":"<h1 class=\"wp-block-heading\">Que pr\u00e9voir pour une balade \u00e0 v\u00e9lo en Bourgogne : guide complet de l&rsquo;\u00e9quipement indispensable<\/h1>\n\n\n\n<p>La Bourgogne, avec ses routes sinueuses traversant vignobles et villages de caract\u00e8re, constitue un terrain de jeu exceptionnel pour les amateurs de cyclisme. Cependant, la r\u00e9ussite d&rsquo;une <a href=\"https:\/\/leclosdelacotedor.fr\/en\/ou-faire-les-plus-belles-balades-a-velo-en-cote-dor\/\">balade \u00e0 v\u00e9lo dans cette r\u00e9gion<\/a> aux multiples facettes n\u00e9cessite une pr\u00e9paration minutieuse et un \u00e9quipement adapt\u00e9. Entre les variations climatiques, les sp\u00e9cificit\u00e9s du terrain bourguignon et les distances parfois importantes entre les points de ravitaillement, une bonne pr\u00e9paration fait toute la diff\u00e9rence entre une sortie m\u00e9morable et une exp\u00e9rience d\u00e9cevante.<\/p>\n\n\n\n<h2 class=\"wp-block-heading\">Quel \u00e9quipement de base emporter pour une sortie v\u00e9lo en Bourgogne<\/h2>\n\n\n\n<p>L&rsquo;\u00e9quipement personnel constitue le socle de toute balade \u00e0 v\u00e9lo r\u00e9ussie en Bourgogne. Cette r\u00e9gion, caract\u00e9ris\u00e9e par ses micro-climats et ses terroirs vari\u00e9s, impose une approche particuli\u00e8re de l&rsquo;\u00e9quipement, adapt\u00e9e aux sp\u00e9cificit\u00e9s locales et aux conditions changeantes.<\/p>\n\n\n\n<p>Le casque repr\u00e9sente l&rsquo;\u00e9l\u00e9ment de s\u00e9curit\u00e9 incontournable, d&rsquo;autant plus important sur les routes bourguignonnes o\u00f9 la circulation peut \u00eatre dense, particuli\u00e8rement aux abords des caves et domaines viticoles. Les mod\u00e8les r\u00e9cents, dot\u00e9s de syst\u00e8mes de ventilation performants, permettent de maintenir un confort optimal m\u00eame lors des mont\u00e9es dans les vignobles des Hautes-C\u00f4tes.<\/p>\n\n\n\n<p>Les v\u00eatements techniques jouent un r\u00f4le crucial dans le confort de p\u00e9dalage. La strat\u00e9gie multicouche s&rsquo;av\u00e8re particuli\u00e8rement pertinente en Bourgogne, o\u00f9 les matin\u00e9es peuvent \u00eatre fra\u00eeches m\u00eame en \u00e9t\u00e9, tandis que l&rsquo;apr\u00e8s-midi peut r\u00e9server des temp\u00e9ratures \u00e9lev\u00e9es. Un maillot respirant, compl\u00e9t\u00e9 par une veste coupe-vent facilement rangeable, permet de s&rsquo;adapter aux variations thermiques caract\u00e9ristiques de la r\u00e9gion.<\/p>\n\n\n\n<p>Les gants m\u00e9ritent une attention particuli\u00e8re, non seulement pour le confort de pr\u00e9hension mais aussi pour la protection en cas de chute. Les mod\u00e8les \u00e0 doigts courts, privil\u00e9giant la ventilation, conviennent parfaitement aux conditions estivales bourguignonnes, tandis que les versions longues prot\u00e8gent efficacement lors des sorties printani\u00e8res ou automnales.<\/p>\n\n\n\n<p>Les chaussures cyclistes, qu&rsquo;elles soient automatiques ou traditionnelles, doivent concilier efficacit\u00e9 de p\u00e9dalage et confort de marche. Cette derni\u00e8re caract\u00e9ristique prend une importance particuli\u00e8re en Bourgogne, o\u00f9 les visites de caves et la d\u00e9couverte du patrimoine architectural n\u00e9cessitent r\u00e9guli\u00e8rement de descendre de v\u00e9lo.<\/p>\n\n\n\n<h2 class=\"wp-block-heading\">Comment choisir ses v\u00eatements pour le cyclisme en Bourgogne<\/h2>\n\n\n\n<p>Le choix vestimentaire pour une <a href=\"https:\/\/www.bourgogne-tourisme.com\/decouvrir\/itinerances-et-itineraires-a-pied-a-velo-a-cheval-ou-en-bateau\/\" target=\"_blank\" rel=\"noreferrer noopener\">balade \u00e0 v\u00e9lo en Bourgogne<\/a> doit tenir compte des sp\u00e9cificit\u00e9s climatiques r\u00e9gionales et des activit\u00e9s connexes qui jalonnent souvent les sorties cyclistes. La r\u00e9gion pr\u00e9sente un climat semi-continental, caract\u00e9ris\u00e9 par des \u00e9t\u00e9s chauds et des hivers rigoureux, avec des intersaisons marqu\u00e9es par une forte variabilit\u00e9 m\u00e9t\u00e9orologique.<\/p>\n\n\n\n<p>La couche de base, en contact direct avec la peau, doit privil\u00e9gier les mati\u00e8res synth\u00e9tiques ou m\u00e9rinos qui \u00e9vacuent efficacement l&rsquo;humidit\u00e9 tout en conservant leurs propri\u00e9t\u00e9s isolantes. Cette caract\u00e9ristique s&rsquo;av\u00e8re particuli\u00e8rement importante lors des mont\u00e9es dans les vignobles, o\u00f9 l&rsquo;effort intense g\u00e9n\u00e8re une transpiration importante, suivie d&rsquo;une descente o\u00f9 le refroidissement peut \u00eatre brutal.<\/p>\n\n\n\n<p>La couche interm\u00e9diaire, modulable selon les conditions, permet d&rsquo;ajuster l&rsquo;isolation thermique. Un gilet sans manches ou une veste l\u00e9g\u00e8re, facilement rangeable dans les poches arri\u00e8re du maillot, constituent des solutions pratiques pour s&rsquo;adapter aux variations de temp\u00e9rature au cours de la journ\u00e9e.<\/p>\n\n\n\n<p>La couche externe, d\u00e9di\u00e9e \u00e0 la protection contre les intemp\u00e9ries, doit \u00eatre suffisamment polyvalente pour faire face aux averses orageuses estivales comme aux bruines automnales. Les vestes modernes, dot\u00e9es de membranes respirantes, offrent une protection efficace tout en \u00e9vitant la sensation d&rsquo;\u00e9tuve lors des efforts soutenus.<\/p>\n\n\n\n<p>Le bas du corps n\u00e9cessite une attention particuli\u00e8re au choix du cuissard. Les sorties longues en Bourgogne, souvent jalonn\u00e9es de mont\u00e9es et descentes, imposent un confort d&rsquo;assise optimal. Les cuissards dot\u00e9s de bretelles r\u00e9partissent mieux les pressions et \u00e9vitent les sensations de compression au niveau de la taille.<\/p>\n\n\n\n<h3 class=\"wp-block-heading\">Quels outils et accessoires de r\u00e9paration emporter<\/h3>\n\n\n\n<p>L&rsquo;autonomie technique rev\u00eat une importance cruciale lors des balades \u00e0 v\u00e9lo en Bourgogne, o\u00f9 les distances entre les points de service peuvent \u00eatre importantes, particuli\u00e8rement dans les zones rurales des appellations les plus r\u00e9put\u00e9es. Une trousse de r\u00e9paration bien con\u00e7ue permet de r\u00e9soudre la plupart des incidents m\u00e9caniques rencontr\u00e9s en cours de route.<\/p>\n\n\n\n<p>La pompe \u00e0 v\u00e9lo constitue l&rsquo;outil de base indispensable. Les mod\u00e8les compacts, fix\u00e9s au cadre, permettent de maintenir une pression optimale dans les pneus, \u00e9l\u00e9ment crucial pour le confort de roulement et la pr\u00e9vention des crevaisons. La pression des pneus doit \u00eatre adapt\u00e9e au type de rev\u00eatement rencontr\u00e9, les routes borgnes des vignobles n\u00e9cessitant parfois un ajustement pour optimiser l&rsquo;adh\u00e9rence.<\/p>\n\n\n\n<p>Les chambres \u00e0 air de rechange, accompagn\u00e9es de d\u00e9monte-pneus, permettent de r\u00e9soudre rapidement les crevaisons. Le nombre de chambres \u00e0 emporter d\u00e9pend de la longueur du parcours et de la nature du terrain. Les routes gravillonn\u00e9es, fr\u00e9quentes aux abords des domaines viticoles, augmentent les risques de perforation.<\/p>\n\n\n\n<p>Les outils multifonctions, regroupant cl\u00e9s Allen, tournevis et d\u00e9rive-cha\u00eene, permettent de r\u00e9aliser la plupart des ajustements et r\u00e9parations courantes. Ces outils compacts se glissent facilement dans une sacoche de selle sans alourdir significativement l&rsquo;\u00e9quipement.<\/p>\n\n\n\n<p>Les rustines et la colle constituent un compl\u00e9ment indispensable pour les r\u00e9parations d\u00e9finitives. Cette solution, plus \u00e9conomique que le remplacement syst\u00e9matique des chambres \u00e0 air, permet \u00e9galement de d\u00e9panner d&rsquo;autres cyclistes rencontr\u00e9s en cours de route, geste appr\u00e9ci\u00e9 dans la communaut\u00e9 cycliste bourguignonne.<\/p>\n\n\n\n<h2 class=\"wp-block-heading\">Comment organiser son hydratation et son ravitaillement \u00e0 v\u00e9lo<\/h2>\n\n\n\n<p>L&rsquo;hydratation repr\u00e9sente un enjeu majeur lors des balades \u00e0 v\u00e9lo en Bourgogne, particuli\u00e8rement en p\u00e9riode estivale o\u00f9 les temp\u00e9ratures peuvent \u00eatre \u00e9lev\u00e9es et les ombres rares sur certains tron\u00e7ons. La planification du ravitaillement doit tenir compte des sp\u00e9cificit\u00e9s de la r\u00e9gion, o\u00f9 les commerces peuvent \u00eatre distants et les horaires d&rsquo;ouverture variables.<\/p>\n\n\n\n<p>Les bidons d&rsquo;eau, d&rsquo;une contenance minimale de 750ml chacun, permettent de maintenir un niveau d&rsquo;hydratation correct sur les parcours de longueur moyenne. Les circuits longs ou les sorties par forte chaleur n\u00e9cessitent une capacit\u00e9 d&#8217;emport sup\u00e9rieure, soit par l&rsquo;ajout de bidons suppl\u00e9mentaires, soit par l&rsquo;utilisation d&rsquo;un syst\u00e8me d&rsquo;hydratation dorsal.<\/p>\n\n\n\n<p>Les boissons isotoniques, adapt\u00e9es aux efforts d&rsquo;endurance, peuvent \u00eatre pr\u00e9par\u00e9es \u00e0 partir de poudres facilement transportables. Cette solution s&rsquo;av\u00e8re particuli\u00e8rement int\u00e9ressante lors des sorties longues dans les vignobles, o\u00f9 la perte en \u00e9lectrolytes peut \u00eatre importante.<\/p>\n\n\n\n<p>La planification des points de ravitaillement constitue un aspect strat\u00e9gique de la pr\u00e9paration. Les villages viticoles, bien que pittoresques, ne disposent pas toujours de commerces ouverts, particuli\u00e8rement en p\u00e9riode de vendanges o\u00f9 l&rsquo;activit\u00e9 se concentre sur la r\u00e9colte. La consultation des horaires d&rsquo;ouverture et la localisation des points d&rsquo;eau publics \u00e9vitent les d\u00e9sagr\u00e9ments.<\/p>\n\n\n\n<p>Les r\u00e9serves \u00e9nerg\u00e9tiques, sous forme de barres c\u00e9r\u00e9ali\u00e8res ou de fruits secs, permettent d&rsquo;\u00e9viter les coups de fatigue. Ces aliments, faciles \u00e0 transporter et \u00e0 consommer en cours de route, compl\u00e8tent avantageusement les pauses dans les boulangeries et \u00e9piceries locales.<\/p>\n\n\n\n<h2 class=\"wp-block-heading\">Quelle protection solaire et contre les intemp\u00e9ries pr\u00e9voir lors des balades \u00e0 v\u00e9lo<\/h2>\n\n\n\n<p>Les conditions m\u00e9t\u00e9orologiques en Bourgogne peuvent varier consid\u00e9rablement, m\u00eame au cours d&rsquo;une seule journ\u00e9e. Cette variabilit\u00e9, li\u00e9e \u00e0 la position g\u00e9ographique de la r\u00e9gion et \u00e0 la diversit\u00e9 de ses reliefs, impose une approche prudente de la protection contre les \u00e9l\u00e9ments.<\/p>\n\n\n\n<p>La protection solaire rev\u00eat une importance particuli\u00e8re sur les routes des vignobles, o\u00f9 la r\u00e9verb\u00e9ration sur les feuilles et les sols clairs peut \u00eatre intense. Les lunettes de soleil, indispensables pour le confort visuel, doivent \u00eatre maintenues par un cordon pour \u00e9viter les pertes lors des manipulations. La cr\u00e8me solaire, appliqu\u00e9e sur les zones expos\u00e9es, n\u00e9cessite des renouvellements r\u00e9guliers, particuli\u00e8rement sur les parcours longs.<\/p>\n\n\n\n<p>En cas de pluies, les sur-chaussures et gants \u00e9tanches, bien que moins critiques que la protection du torse, am\u00e9liorent significativement le confort lors des \u00e9pisodes pluvieux. Ces accessoires, compacts et l\u00e9gers, trouvent facilement leur place dans les poches arri\u00e8re du maillot.<\/p>\n\n\n\n<p>La protection contre le vent, particuli\u00e8rement sur les plateaux des Hautes-C\u00f4tes, n\u00e9cessite une attention particuli\u00e8re. Les vents dominants, souvent soutenus, peuvent consid\u00e9rablement ralentir la progression et augmenter la sensation de froid. Un coupe-vent l\u00e9ger, combin\u00e9 \u00e0 une bonne connaissance des conditions m\u00e9t\u00e9orologiques pr\u00e9vues, permet d&rsquo;anticiper ces difficult\u00e9s.<\/p>\n\n\n\n<h2 class=\"wp-block-heading\">Comment pr\u00e9parer techniquement son v\u00e9lo avant le d\u00e9part<\/h2>\n\n\n\n<p>La pr\u00e9paration technique du v\u00e9lo constitue un pr\u00e9alable indispensable \u00e0 toute sortie en <strong>Bourgogne.<\/strong> Les sp\u00e9cificit\u00e9s du terrain r\u00e9gional, alternant routes lisses et chemins plus accident\u00e9s, imposent une attention particuli\u00e8re \u00e0 l&rsquo;\u00e9tat et au r\u00e9glage de la machine.<\/p>\n\n\n\n<p>La v\u00e9rification de la pression des pneus repr\u00e9sente le premier contr\u00f4le \u00e0 effectuer. Cette pression doit \u00eatre adapt\u00e9e au type de parcours pr\u00e9vu et au poids du cycliste. Les routes des vignobles, souvent \u00e9troites et parfois d\u00e9grad\u00e9es, n\u00e9cessitent un compromis entre confort et r\u00e9sistance au roulement.<\/p>\n\n\n\n<p>Le syst\u00e8me de freinage m\u00e9rite une attention particuli\u00e8re, les descentes dans les vignobles pouvant \u00eatre raides et les virages serr\u00e9s. La v\u00e9rification de l&rsquo;usure des patins ou plaquettes, ainsi que du c\u00e2blage, \u00e9vite les d\u00e9faillances en cours de route. Les r\u00e9glages doivent permettre un freinage progressif et puissant, particuli\u00e8rement important sur les routes gravillonn\u00e9es.<\/p>\n\n\n\n<p>La transmission, sollicit\u00e9e par les d\u00e9nivel\u00e9s bourguignons, n\u00e9cessite une lubrification appropri\u00e9e et des r\u00e9glages pr\u00e9cis. La cha\u00eene, les galets de d\u00e9railleur et les c\u00e2bles doivent \u00eatre v\u00e9rifi\u00e9s et ajust\u00e9s si n\u00e9cessaire. Les d\u00e9veloppements disponibles doivent \u00eatre adapt\u00e9s aux mont\u00e9es pr\u00e9vues, les pourcentages pouvant atteindre 10 \u00e0 12% sur certains secteurs.<\/p>\n\n\n\n<p>La s\u00e9curit\u00e9 passive, \u00e9clairage et signalisation, ne doit pas \u00eatre n\u00e9glig\u00e9e m\u00eame lors des sorties diurnes. Les tunnels de verdure, fr\u00e9quents sur les petites routes bourguignonnes, peuvent cr\u00e9er des zones d&rsquo;ombre importantes. Les catadioptres et \u00e9clairages permettent d&rsquo;am\u00e9liorer la visibilit\u00e9, particuli\u00e8rement importante aux abords des domaines viticoles o\u00f9 la circulation peut \u00eatre dense.<\/p>\n\n\n\n<h2 class=\"wp-block-heading\">O\u00f9 trouver assistance et repos pendant sa balade \u00e0 v\u00e9lo<\/h2>\n\n\n\n<p>La connaissance des points d&rsquo;assistance et de repos disponibles le long des circuits bourguignons constitue un atout majeur pour la s\u00e9curit\u00e9 et le confort des cyclistes. Cette information, souvent n\u00e9glig\u00e9e lors de la pr\u00e9paration, peut s&rsquo;av\u00e9rer cruciale en cas de difficult\u00e9 technique ou de fatigue impr\u00e9vue.<\/p>\n\n\n\n<p>Les villages viticoles, v\u00e9ritables jalons des parcours bourguignons, offrent souvent des ressources int\u00e9ressantes pour les cyclistes. Les places publiques, g\u00e9n\u00e9ralement dot\u00e9es de points d&rsquo;eau et d&rsquo;espaces ombrag\u00e9s, permettent des pauses r\u00e9paratrices. Les commerces locaux, boulangeries et \u00e9piceries, constituent des sources de ravitaillement appr\u00e9ciables, particuli\u00e8rement pour les produits frais.<\/p>\n\n\n\n<p>Les domaines viticoles, nombreux sur les circuits, pr\u00e9sentent une approche variable de l&rsquo;accueil des cyclistes. Certains, sensibilis\u00e9s au tourisme \u00e0 v\u00e9lo, proposent des d\u00e9gustations et des visites adapt\u00e9es aux contraintes du cyclisme. D&rsquo;autres, plus confidentiels, pr\u00e9f\u00e8rent r\u00e9server leurs services \u00e0 une client\u00e8le sur rendez-vous.<\/p>\n\n\n\n<p>Les h\u00e9bergements labellis\u00e9s \u00ab\u00a0<strong><a href=\"https:\/\/www.francevelotourisme.com\/accueil-velo\" target=\"_blank\" rel=\"noreferrer noopener\">Accueil V\u00e9lo<\/a><\/strong>\u00a0\u00bb offrent des garanties sp\u00e9cifiques pour les cyclistes : outils de r\u00e9paration, local s\u00e9curis\u00e9, conseils itin\u00e9raires et services adapt\u00e9s. Ces \u00e9tablissements, identifi\u00e9s par un logo sp\u00e9cifique, constituent des points d&rsquo;appui fiables pour les cyclistes, qu&rsquo;ils soient h\u00e9berg\u00e9s ou simplement de passage.<\/p>\n\n\n\n<h2 class=\"wp-block-heading\">Le clos de la C\u00f4te-d&rsquo;Or : \u00e9tape v\u00e9lo en Bourgogne<\/h2>\n\n\n\n<p><a href=\"https:\/\/leclosdelacotedor.fr\/en\/etape-velo-en-cote-dor\/\">Le clos de la C\u00f4te-d&rsquo;Or est labelis\u00e9 \u00ab\u00a0Accueil V\u00e9lo\u00a0\u00bb<\/a>, fort de son exp\u00e9rience dans l&rsquo;<a href=\"https:\/\/leclosdelacotedor.fr\/en\/location-de-velos-cote-dor\/\">accueil des cyclistes<\/a>, met \u00e0 disposition des outils de r\u00e9paration, des pompes \u00e0 v\u00e9lo et un point d&rsquo;eau sp\u00e9cialement am\u00e9nag\u00e9 pour les pauses. Cette infrastructure, compl\u00e9t\u00e9e par nos conseils pour vos <a href=\"https:\/\/leclosdelacotedor.fr\/en\/ou-faire-les-plus-belles-balades-a-velo-en-cote-dor\/\">balades en v\u00e9lo<\/a>, vous permet de r\u00e9soudre vos petits probl\u00e8mes techniques, d&rsquo;adapter votre itin\u00e9raire ou simplement de faire une pause rafra\u00eechissante dans un cadre privil\u00e9gi\u00e9.<\/p>\n\n\n\n<p>Cette approche bienveillante de l&rsquo;accueil cycliste s&rsquo;inscrit dans une d\u00e9marche plus large de promotion du <strong>tourisme durable en Bourgogne<\/strong>. Elle t\u00e9moigne notre conscience croissante quant \u00e0 l&rsquo;importance du cyclotourisme pour le d\u00e9veloppement \u00e9conomique et la pr\u00e9servation environnementale de la r\u00e9gion.<\/p>\n\n\n\n<p><a href=\"https:\/\/leclosdelacotedor.fr\/en\/accommodation\/gite-clos-de-la-cote-dor\/\">Planifiez d\u00e8s maintenant votre s\u00e9jour au Clos de la C\u00f4te d&rsquo;Or<\/a> et b\u00e9n\u00e9ficiez d&rsquo;un accueil sp\u00e9cialement pens\u00e9 pour les cyclistes. Nos \u00e9quipements et notre connaissance du terrain vous garantissent les meilleures conditions pour explorer la Bourgogne \u00e0 v\u00e9lo, en toute s\u00e9curit\u00e9 et avec le maximum de plaisir.<\/p>\n\n\n\n<p><\/p>","protected":false},"excerpt":{"rendered":"<p>Que pr\u00e9voir pour une balade \u00e0 v\u00e9lo en Bourgogne : guide complet de l&rsquo;\u00e9quipement indispensable La Bourgogne, avec ses routes sinueuses traversant vignobles et villages de caract\u00e8re, constitue un terrain de jeu exceptionnel pour les amateurs de cyclisme. Cependant, la &hellip; <a href=\"https:\/\/leclosdelacotedor.fr\/en\/que-prevoir-pour-une-balade-a-velo-en-bourgogne\/\">Read More<\/a><\/p>","protected":false},"author":3,"featured_media":2051,"comment_status":"closed","ping_status":"open","sticky":false,"template":"","format":"standard","meta":{"footnotes":""},"categories":[54,51,49,52],"tags":[],"class_list":["post-2050","post","type-post","status-publish","format-standard","has-post-thumbnail","hentry","category-activites","category-bourgogne","category-region-cote-dor","category-voyage"],"yoast_head":"<!-- This site is optimized with the Yoast SEO plugin v27.5 - https:\/\/yoast.com\/product\/yoast-seo-wordpress\/ -->\n<title>Que pr\u00e9voir pour une balade \u00e0 v\u00e9lo en Bourgogne ? - Clos de la c&ocirc;te-d&#039;or<\/title>\n<meta name=\"description\" content=\"Guide complet pour pr\u00e9parer votre balade \u00e0 v\u00e9lo en Bourgogne : \u00e9quipement, v\u00eatements, outils indispensables, nos conseils locaux !\" \/>\n<meta name=\"robots\" content=\"index, follow, max-snippet:-1, max-image-preview:large, max-video-preview:-1\" \/>\n<link rel=\"canonical\" href=\"https:\/\/leclosdelacotedor.fr\/en\/que-prevoir-pour-une-balade-a-velo-en-bourgogne\/\" \/>\n<meta property=\"og:locale\" content=\"en_GB\" \/>\n<meta property=\"og:type\" content=\"article\" \/>\n<meta property=\"og:title\" content=\"Que pr\u00e9voir pour une balade \u00e0 v\u00e9lo en Bourgogne ? - Clos de la c&ocirc;te-d&#039;or\" \/>\n<meta property=\"og:description\" content=\"Guide complet pour pr\u00e9parer votre balade \u00e0 v\u00e9lo en Bourgogne : \u00e9quipement, v\u00eatements, outils indispensables, nos conseils locaux !\" \/>\n<meta property=\"og:url\" content=\"https:\/\/leclosdelacotedor.fr\/en\/que-prevoir-pour-une-balade-a-velo-en-bourgogne\/\" \/>\n<meta property=\"og:site_name\" content=\"Clos de la c&ocirc;te-d&#039;or\" \/>\n<meta property=\"article:published_time\" content=\"2025-11-04T17:02:15+00:00\" \/>\n<meta property=\"article:modified_time\" content=\"2025-11-04T17:02:16+00:00\" \/>\n<meta property=\"og:image\" content=\"https:\/\/leclosdelacotedor.fr\/wp-content\/uploads\/2025\/07\/preparation-balade-velo-bourgogne-scaled.webp\" \/>\n\t<meta property=\"og:image:width\" content=\"2560\" \/>\n\t<meta property=\"og:image:height\" content=\"1707\" \/>\n\t<meta property=\"og:image:type\" content=\"image\/webp\" \/>\n<meta name=\"author\" content=\"virginie.velu@au2vi.fr\" \/>\n<meta name=\"twitter:card\" content=\"summary_large_image\" \/>\n<meta name=\"twitter:label1\" content=\"Written by\" \/>\n\t<meta name=\"twitter:data1\" content=\"virginie.velu@au2vi.fr\" \/>\n\t<meta name=\"twitter:label2\" content=\"Estimated reading time\" \/>\n\t<meta name=\"twitter:data2\" content=\"10 minutes\" \/>\n<script type=\"application\/ld+json\" class=\"yoast-schema-graph\">{\"@context\":\"https:\\\/\\\/schema.org\",\"@graph\":[{\"@type\":\"Article\",\"@id\":\"https:\\\/\\\/leclosdelacotedor.fr\\\/que-prevoir-pour-une-balade-a-velo-en-bourgogne\\\/#article\",\"isPartOf\":{\"@id\":\"https:\\\/\\\/leclosdelacotedor.fr\\\/que-prevoir-pour-une-balade-a-velo-en-bourgogne\\\/\"},\"author\":{\"name\":\"virginie.velu@au2vi.fr\",\"@id\":\"https:\\\/\\\/leclosdelacotedor.fr\\\/#\\\/schema\\\/person\\\/8c017c2a808c6003564f6f9e2c5314ea\"},\"headline\":\"Que pr\u00e9voir pour une balade \u00e0 v\u00e9lo en Bourgogne : guide complet de l&rsquo;\u00e9quipement indispensable\",\"datePublished\":\"2025-11-04T17:02:15+00:00\",\"dateModified\":\"2025-11-04T17:02:16+00:00\",\"mainEntityOfPage\":{\"@id\":\"https:\\\/\\\/leclosdelacotedor.fr\\\/que-prevoir-pour-une-balade-a-velo-en-bourgogne\\\/\"},\"wordCount\":2275,\"publisher\":{\"@id\":\"https:\\\/\\\/leclosdelacotedor.fr\\\/#organization\"},\"image\":{\"@id\":\"https:\\\/\\\/leclosdelacotedor.fr\\\/que-prevoir-pour-une-balade-a-velo-en-bourgogne\\\/#primaryimage\"},\"thumbnailUrl\":\"https:\\\/\\\/leclosdelacotedor.fr\\\/wp-content\\\/uploads\\\/2025\\\/07\\\/preparation-balade-velo-bourgogne-scaled.webp\",\"articleSection\":[\"Activit\u00e9s\",\"Bourgogne\",\"region cote-d'or\",\"Voyage\"],\"inLanguage\":\"en-GB\"},{\"@type\":\"WebPage\",\"@id\":\"https:\\\/\\\/leclosdelacotedor.fr\\\/que-prevoir-pour-une-balade-a-velo-en-bourgogne\\\/\",\"url\":\"https:\\\/\\\/leclosdelacotedor.fr\\\/que-prevoir-pour-une-balade-a-velo-en-bourgogne\\\/\",\"name\":\"Que pr\u00e9voir pour une balade \u00e0 v\u00e9lo en Bourgogne ? - Clos de la c&ocirc;te-d'or\",\"isPartOf\":{\"@id\":\"https:\\\/\\\/leclosdelacotedor.fr\\\/#website\"},\"primaryImageOfPage\":{\"@id\":\"https:\\\/\\\/leclosdelacotedor.fr\\\/que-prevoir-pour-une-balade-a-velo-en-bourgogne\\\/#primaryimage\"},\"image\":{\"@id\":\"https:\\\/\\\/leclosdelacotedor.fr\\\/que-prevoir-pour-une-balade-a-velo-en-bourgogne\\\/#primaryimage\"},\"thumbnailUrl\":\"https:\\\/\\\/leclosdelacotedor.fr\\\/wp-content\\\/uploads\\\/2025\\\/07\\\/preparation-balade-velo-bourgogne-scaled.webp\",\"datePublished\":\"2025-11-04T17:02:15+00:00\",\"dateModified\":\"2025-11-04T17:02:16+00:00\",\"description\":\"Guide complet pour pr\u00e9parer votre balade \u00e0 v\u00e9lo en Bourgogne : \u00e9quipement, v\u00eatements, outils indispensables, nos conseils locaux !\",\"breadcrumb\":{\"@id\":\"https:\\\/\\\/leclosdelacotedor.fr\\\/que-prevoir-pour-une-balade-a-velo-en-bourgogne\\\/#breadcrumb\"},\"inLanguage\":\"en-GB\",\"potentialAction\":[{\"@type\":\"ReadAction\",\"target\":[\"https:\\\/\\\/leclosdelacotedor.fr\\\/que-prevoir-pour-une-balade-a-velo-en-bourgogne\\\/\"]}]},{\"@type\":\"ImageObject\",\"inLanguage\":\"en-GB\",\"@id\":\"https:\\\/\\\/leclosdelacotedor.fr\\\/que-prevoir-pour-une-balade-a-velo-en-bourgogne\\\/#primaryimage\",\"url\":\"https:\\\/\\\/leclosdelacotedor.fr\\\/wp-content\\\/uploads\\\/2025\\\/07\\\/preparation-balade-velo-bourgogne-scaled.webp\",\"contentUrl\":\"https:\\\/\\\/leclosdelacotedor.fr\\\/wp-content\\\/uploads\\\/2025\\\/07\\\/preparation-balade-velo-bourgogne-scaled.webp\",\"width\":2560,\"height\":1707,\"caption\":\"pre\u0301paration balade ve\u0301lo bourgogne\"},{\"@type\":\"BreadcrumbList\",\"@id\":\"https:\\\/\\\/leclosdelacotedor.fr\\\/que-prevoir-pour-une-balade-a-velo-en-bourgogne\\\/#breadcrumb\",\"itemListElement\":[{\"@type\":\"ListItem\",\"position\":1,\"name\":\"Home\",\"item\":\"https:\\\/\\\/leclosdelacotedor.fr\\\/\"},{\"@type\":\"ListItem\",\"position\":2,\"name\":\"Que pr\u00e9voir pour une balade \u00e0 v\u00e9lo en Bourgogne : guide complet de l&rsquo;\u00e9quipement indispensable\"}]},{\"@type\":\"WebSite\",\"@id\":\"https:\\\/\\\/leclosdelacotedor.fr\\\/#website\",\"url\":\"https:\\\/\\\/leclosdelacotedor.fr\\\/\",\"name\":\"Clos de la c&ocirc;te-d'or\",\"description\":\"\",\"publisher\":{\"@id\":\"https:\\\/\\\/leclosdelacotedor.fr\\\/#organization\"},\"potentialAction\":[{\"@type\":\"SearchAction\",\"target\":{\"@type\":\"EntryPoint\",\"urlTemplate\":\"https:\\\/\\\/leclosdelacotedor.fr\\\/?s={search_term_string}\"},\"query-input\":{\"@type\":\"PropertyValueSpecification\",\"valueRequired\":true,\"valueName\":\"search_term_string\"}}],\"inLanguage\":\"en-GB\"},{\"@type\":\"Organization\",\"@id\":\"https:\\\/\\\/leclosdelacotedor.fr\\\/#organization\",\"name\":\"Clos de la c&ocirc;te-d'or\",\"url\":\"https:\\\/\\\/leclosdelacotedor.fr\\\/\",\"logo\":{\"@type\":\"ImageObject\",\"inLanguage\":\"en-GB\",\"@id\":\"https:\\\/\\\/leclosdelacotedor.fr\\\/#\\\/schema\\\/logo\\\/image\\\/\",\"url\":\"https:\\\/\\\/leclosdelacotedor.fr\\\/wp-content\\\/uploads\\\/2024\\\/01\\\/cropped-gite-cote-dor-beaune.png\",\"contentUrl\":\"https:\\\/\\\/leclosdelacotedor.fr\\\/wp-content\\\/uploads\\\/2024\\\/01\\\/cropped-gite-cote-dor-beaune.png\",\"width\":975,\"height\":1243,\"caption\":\"Clos de la c&ocirc;te-d'or\"},\"image\":{\"@id\":\"https:\\\/\\\/leclosdelacotedor.fr\\\/#\\\/schema\\\/logo\\\/image\\\/\"}},{\"@type\":\"Person\",\"@id\":\"https:\\\/\\\/leclosdelacotedor.fr\\\/#\\\/schema\\\/person\\\/8c017c2a808c6003564f6f9e2c5314ea\",\"name\":\"virginie.velu@au2vi.fr\",\"image\":{\"@type\":\"ImageObject\",\"inLanguage\":\"en-GB\",\"@id\":\"https:\\\/\\\/secure.gravatar.com\\\/avatar\\\/cd6c831afe82a62c1bae48d6a609abefa01cd2054a74f27796c9d0a3e8b3a3a1?s=96&d=mm&r=g\",\"url\":\"https:\\\/\\\/secure.gravatar.com\\\/avatar\\\/cd6c831afe82a62c1bae48d6a609abefa01cd2054a74f27796c9d0a3e8b3a3a1?s=96&d=mm&r=g\",\"contentUrl\":\"https:\\\/\\\/secure.gravatar.com\\\/avatar\\\/cd6c831afe82a62c1bae48d6a609abefa01cd2054a74f27796c9d0a3e8b3a3a1?s=96&d=mm&r=g\",\"caption\":\"virginie.velu@au2vi.fr\"},\"url\":\"https:\\\/\\\/leclosdelacotedor.fr\\\/en\\\/author\\\/virginie-veluau2vi-fr\\\/\"}]}<\/script>\n<!-- \/ Yoast SEO plugin. -->","yoast_head_json":{"title":"Que pr\u00e9voir pour une balade \u00e0 v\u00e9lo en Bourgogne ? - Clos de la c&ocirc;te-d'or","description":"Guide complet pour pr\u00e9parer votre balade \u00e0 v\u00e9lo en Bourgogne : \u00e9quipement, v\u00eatements, outils indispensables, nos conseils locaux !","robots":{"index":"index","follow":"follow","max-snippet":"max-snippet:-1","max-image-preview":"max-image-preview:large","max-video-preview":"max-video-preview:-1"},"canonical":"https:\/\/leclosdelacotedor.fr\/en\/que-prevoir-pour-une-balade-a-velo-en-bourgogne\/","og_locale":"en_GB","og_type":"article","og_title":"Que pr\u00e9voir pour une balade \u00e0 v\u00e9lo en Bourgogne ? - Clos de la c&ocirc;te-d'or","og_description":"Guide complet pour pr\u00e9parer votre balade \u00e0 v\u00e9lo en Bourgogne : \u00e9quipement, v\u00eatements, outils indispensables, nos conseils locaux !","og_url":"https:\/\/leclosdelacotedor.fr\/en\/que-prevoir-pour-une-balade-a-velo-en-bourgogne\/","og_site_name":"Clos de la c&ocirc;te-d'or","article_published_time":"2025-11-04T17:02:15+00:00","article_modified_time":"2025-11-04T17:02:16+00:00","og_image":[{"width":2560,"height":1707,"url":"https:\/\/leclosdelacotedor.fr\/wp-content\/uploads\/2025\/07\/preparation-balade-velo-bourgogne-scaled.webp","type":"image\/webp"}],"author":"virginie.velu@au2vi.fr","twitter_card":"summary_large_image","twitter_misc":{"Written by":"virginie.velu@au2vi.fr","Estimated reading time":"10 minutes"},"schema":{"@context":"https:\/\/schema.org","@graph":[{"@type":"Article","@id":"https:\/\/leclosdelacotedor.fr\/que-prevoir-pour-une-balade-a-velo-en-bourgogne\/#article","isPartOf":{"@id":"https:\/\/leclosdelacotedor.fr\/que-prevoir-pour-une-balade-a-velo-en-bourgogne\/"},"author":{"name":"virginie.velu@au2vi.fr","@id":"https:\/\/leclosdelacotedor.fr\/#\/schema\/person\/8c017c2a808c6003564f6f9e2c5314ea"},"headline":"Que pr\u00e9voir pour une balade \u00e0 v\u00e9lo en Bourgogne : guide complet de l&rsquo;\u00e9quipement indispensable","datePublished":"2025-11-04T17:02:15+00:00","dateModified":"2025-11-04T17:02:16+00:00","mainEntityOfPage":{"@id":"https:\/\/leclosdelacotedor.fr\/que-prevoir-pour-une-balade-a-velo-en-bourgogne\/"},"wordCount":2275,"publisher":{"@id":"https:\/\/leclosdelacotedor.fr\/#organization"},"image":{"@id":"https:\/\/leclosdelacotedor.fr\/que-prevoir-pour-une-balade-a-velo-en-bourgogne\/#primaryimage"},"thumbnailUrl":"https:\/\/leclosdelacotedor.fr\/wp-content\/uploads\/2025\/07\/preparation-balade-velo-bourgogne-scaled.webp","articleSection":["Activit\u00e9s","Bourgogne","region cote-d'or","Voyage"],"inLanguage":"en-GB"},{"@type":"WebPage","@id":"https:\/\/leclosdelacotedor.fr\/que-prevoir-pour-une-balade-a-velo-en-bourgogne\/","url":"https:\/\/leclosdelacotedor.fr\/que-prevoir-pour-une-balade-a-velo-en-bourgogne\/","name":"Que pr\u00e9voir pour une balade \u00e0 v\u00e9lo en Bourgogne ? - Clos de la c&ocirc;te-d'or","isPartOf":{"@id":"https:\/\/leclosdelacotedor.fr\/#website"},"primaryImageOfPage":{"@id":"https:\/\/leclosdelacotedor.fr\/que-prevoir-pour-une-balade-a-velo-en-bourgogne\/#primaryimage"},"image":{"@id":"https:\/\/leclosdelacotedor.fr\/que-prevoir-pour-une-balade-a-velo-en-bourgogne\/#primaryimage"},"thumbnailUrl":"https:\/\/leclosdelacotedor.fr\/wp-content\/uploads\/2025\/07\/preparation-balade-velo-bourgogne-scaled.webp","datePublished":"2025-11-04T17:02:15+00:00","dateModified":"2025-11-04T17:02:16+00:00","description":"Guide complet pour pr\u00e9parer votre balade \u00e0 v\u00e9lo en Bourgogne : \u00e9quipement, v\u00eatements, outils indispensables, nos conseils locaux !","breadcrumb":{"@id":"https:\/\/leclosdelacotedor.fr\/que-prevoir-pour-une-balade-a-velo-en-bourgogne\/#breadcrumb"},"inLanguage":"en-GB","potentialAction":[{"@type":"ReadAction","target":["https:\/\/leclosdelacotedor.fr\/que-prevoir-pour-une-balade-a-velo-en-bourgogne\/"]}]},{"@type":"ImageObject","inLanguage":"en-GB","@id":"https:\/\/leclosdelacotedor.fr\/que-prevoir-pour-une-balade-a-velo-en-bourgogne\/#primaryimage","url":"https:\/\/leclosdelacotedor.fr\/wp-content\/uploads\/2025\/07\/preparation-balade-velo-bourgogne-scaled.webp","contentUrl":"https:\/\/leclosdelacotedor.fr\/wp-content\/uploads\/2025\/07\/preparation-balade-velo-bourgogne-scaled.webp","width":2560,"height":1707,"caption":"pre\u0301paration balade ve\u0301lo bourgogne"},{"@type":"BreadcrumbList","@id":"https:\/\/leclosdelacotedor.fr\/que-prevoir-pour-une-balade-a-velo-en-bourgogne\/#breadcrumb","itemListElement":[{"@type":"ListItem","position":1,"name":"Home","item":"https:\/\/leclosdelacotedor.fr\/"},{"@type":"ListItem","position":2,"name":"Que pr\u00e9voir pour une balade \u00e0 v\u00e9lo en Bourgogne : guide complet de l&rsquo;\u00e9quipement indispensable"}]},{"@type":"WebSite","@id":"https:\/\/leclosdelacotedor.fr\/#website","url":"https:\/\/leclosdelacotedor.fr\/","name":"Clos de la c&ocirc;te-d'or","description":"","publisher":{"@id":"https:\/\/leclosdelacotedor.fr\/#organization"},"potentialAction":[{"@type":"SearchAction","target":{"@type":"EntryPoint","urlTemplate":"https:\/\/leclosdelacotedor.fr\/?s={search_term_string}"},"query-input":{"@type":"PropertyValueSpecification","valueRequired":true,"valueName":"search_term_string"}}],"inLanguage":"en-GB"},{"@type":"Organization","@id":"https:\/\/leclosdelacotedor.fr\/#organization","name":"Clos de la c&ocirc;te-d'or","url":"https:\/\/leclosdelacotedor.fr\/","logo":{"@type":"ImageObject","inLanguage":"en-GB","@id":"https:\/\/leclosdelacotedor.fr\/#\/schema\/logo\/image\/","url":"https:\/\/leclosdelacotedor.fr\/wp-content\/uploads\/2024\/01\/cropped-gite-cote-dor-beaune.png","contentUrl":"https:\/\/leclosdelacotedor.fr\/wp-content\/uploads\/2024\/01\/cropped-gite-cote-dor-beaune.png","width":975,"height":1243,"caption":"Clos de la c&ocirc;te-d'or"},"image":{"@id":"https:\/\/leclosdelacotedor.fr\/#\/schema\/logo\/image\/"}},{"@type":"Person","@id":"https:\/\/leclosdelacotedor.fr\/#\/schema\/person\/8c017c2a808c6003564f6f9e2c5314ea","name":"virginie.velu@au2vi.fr","image":{"@type":"ImageObject","inLanguage":"en-GB","@id":"https:\/\/secure.gravatar.com\/avatar\/cd6c831afe82a62c1bae48d6a609abefa01cd2054a74f27796c9d0a3e8b3a3a1?s=96&d=mm&r=g","url":"https:\/\/secure.gravatar.com\/avatar\/cd6c831afe82a62c1bae48d6a609abefa01cd2054a74f27796c9d0a3e8b3a3a1?s=96&d=mm&r=g","contentUrl":"https:\/\/secure.gravatar.com\/avatar\/cd6c831afe82a62c1bae48d6a609abefa01cd2054a74f27796c9d0a3e8b3a3a1?s=96&d=mm&r=g","caption":"virginie.velu@au2vi.fr"},"url":"https:\/\/leclosdelacotedor.fr\/en\/author\/virginie-veluau2vi-fr\/"}]}},"_links":{"self":[{"href":"https:\/\/leclosdelacotedor.fr\/en\/wp-json\/wp\/v2\/posts\/2050","targetHints":{"allow":["GET"]}}],"collection":[{"href":"https:\/\/leclosdelacotedor.fr\/en\/wp-json\/wp\/v2\/posts"}],"about":[{"href":"https:\/\/leclosdelacotedor.fr\/en\/wp-json\/wp\/v2\/types\/post"}],"author":[{"embeddable":true,"href":"https:\/\/leclosdelacotedor.fr\/en\/wp-json\/wp\/v2\/users\/3"}],"replies":[{"embeddable":true,"href":"https:\/\/leclosdelacotedor.fr\/en\/wp-json\/wp\/v2\/comments?post=2050"}],"version-history":[{"count":2,"href":"https:\/\/leclosdelacotedor.fr\/en\/wp-json\/wp\/v2\/posts\/2050\/revisions"}],"predecessor-version":[{"id":2285,"href":"https:\/\/leclosdelacotedor.fr\/en\/wp-json\/wp\/v2\/posts\/2050\/revisions\/2285"}],"wp:featuredmedia":[{"embeddable":true,"href":"https:\/\/leclosdelacotedor.fr\/en\/wp-json\/wp\/v2\/media\/2051"}],"wp:attachment":[{"href":"https:\/\/leclosdelacotedor.fr\/en\/wp-json\/wp\/v2\/media?parent=2050"}],"wp:term":[{"taxonomy":"category","embeddable":true,"href":"https:\/\/leclosdelacotedor.fr\/en\/wp-json\/wp\/v2\/categories?post=2050"},{"taxonomy":"post_tag","embeddable":true,"href":"https:\/\/leclosdelacotedor.fr\/en\/wp-json\/wp\/v2\/tags?post=2050"}],"curies":[{"name":"wp","href":"https:\/\/api.w.org\/{rel}","templated":true}]}}